{"id":297,"date":"2021-05-21T08:53:05","date_gmt":"2021-05-21T06:53:05","guid":{"rendered":"https:\/\/retro-app.dk\/blog\/?p=297"},"modified":"2021-05-31T08:53:48","modified_gmt":"2021-05-31T06:53:48","slug":"er-du-klar-til-sommer-i-haven","status":"publish","type":"post","link":"https:\/\/retro-app.dk\/blog\/er-du-klar-til-sommer-i-haven\/","title":{"rendered":"Er du klar til sommer i haven?"},"content":{"rendered":"\n<p>For\u00e5ret er her endelig og sommeren lige rundt om hj\u00f8rnet, og det er tid til at g\u00f8re din have klar til alle de dejlige stunder, der er i vente. Et af de mest brugte omr\u00e5der i haven er terrassen, omend den er lille eller stor, s\u00e5 er der her du kan sidde og nyde de varme og lyse sommeraftener. Indrettes terrassen ordentligt vil det med garanti blive dit nye yndlingssted henover sommeren. Der er mange m\u00e5der at f\u00e5 en dejlig terrasse p\u00e5, men den mest praktiske l\u00f8sning, med mindst vedligehold, er en fliseterrasse lagt med flisesand. Og nej, det beh\u00f8ver ikke se kedeligt ud. En god id\u00e9 kan v\u00e6re at lede efter smukke retro-fliser, s\u00e5 din terrasse f\u00e5r et helt personligt udtryk.<br><\/p>\n\n\n\n<h2>F\u00e5 en ny have med noget brugt<\/h2>\n\n\n\n<p>Du kan f\u00e5 en helt nye have og et helt nyt terrasse omr\u00e5de, ved faktisk at dekorere den med noget brugt, herunder eventuelt brugte fliser til din nye terrasse. Her er det helt oplagt at s\u00f8ge p\u00e5 specifikke retro-sider s\u00e5som Retro-app.dk. N\u00e5r du har fundet dine nye, brugte fliser skal du kun k\u00f8be noget godt <a href=\"https:\/\/flise-sand.dk\/\">sand til fliser<\/a>, og s\u00e5 kan du nemt selv l\u00e6gge din nye terrasse. Har du allerede en fin terrasse, kan det v\u00e6re en god id\u00e9 at overveje, om den tr\u00e6nger til lidt nyt sand. P\u00e5 den m\u00e5de undg\u00e5r du at den bliver tilgroet med ukrudt henover sommeren &#8211; og s\u00e5 kommer din terrasse til at se n\u00e6rmest ny ud med lidt nyt flisesand. Har du ogs\u00e5 en indk\u00f8rsel i fliser, er det oplagt at bruge det resterende flisesand her, eller k\u00f8be en ekstra s\u00e6k til samme form\u00e5l, nu du alligevel er igang med at g\u00f8re dine udeomr\u00e5der sommerklar. Det kan ogs\u00e5 v\u00e6re en god id\u00e9 at lede efter nogle nye, brugte retro-havem\u00f8bler. P\u00e5 den m\u00e5de kan dit terrasse omr\u00e5de f\u00e5 en helt s\u00e6rlig sj\u00e6l og charme. Brugte havelamper og lanterner er ligeledes et oplagt valg til din nye have og terrasse.&nbsp;<br><\/p>\n\n\n\n<h2>Den personlige have er hjemmegjort<\/h2>\n\n\n\n<p>Haven er henover sommeren den del af boligen, de fleste husejere bruger mest, s\u00e5 man kan faktisk t\u00e6nke p\u00e5 den som en anden stue. Derfor er det vigtigt at ogs\u00e5 din have og dit terrasse omr\u00e5de bliver personligt. Helt overordnet er den nemmeste m\u00e5de at g\u00f8re det p\u00e5, ved selv at st\u00e5 for det praktiske, og k\u00f8ber du nogle ordentlige materialer, er det slet ikke s\u00e5 sv\u00e6rt, som man kan frygte. Det kan tv\u00e6rtimod ende med at blive et dejligt afbr\u00e6k fra hverdagen &#8211; og s\u00e5 vil det uden tvivl f\u00e5 dig til at holde mere af din have og din terrasse.&nbsp;<br><\/p>\n","protected":false},"excerpt":{"rendered":"<p>For\u00e5ret er her endelig og sommeren lige rundt om hj\u00f8rnet, og det er tid til at g\u00f8re din have klar til alle de dejlige stunder, der er i vente. Et af de mest brugte omr\u00e5der i haven er terrassen, omend den er lille eller stor, s\u00e5 er der her du kan sidde og nyde de &#8230; <a title=\"Er du klar til sommer i haven?\" class=\"read-more\" href=\"https:\/\/retro-app.dk\/blog\/er-du-klar-til-sommer-i-haven\/\">L\u00e6s mere <span class=\"screen-reader-text\">Er du klar til sommer i haven?<\/span><\/a><\/p>\n","protected":false},"author":5,"featured_media":298,"comment_status":"closed","ping_status":"open","sticky":false,"template":"","format":"standard","meta":[],"categories":[4],"tags":[],"yoast_head":"<!-- This site is optimized with the Yoast SEO plugin v18.7 - https:\/\/yoast.com\/wordpress\/plugins\/seo\/ -->\n<title>Er du klar til sommer i haven? - Retro<\/title>\n<meta name=\"robots\" content=\"index, follow, max-snippet:-1, max-image-preview:large, max-video-preview:-1\" \/>\n<link rel=\"canonical\" href=\"https:\/\/retro-app.dk\/blog\/er-du-klar-til-sommer-i-haven\/\" \/>\n<meta property=\"og:locale\" content=\"da_DK\" \/>\n<meta property=\"og:type\" content=\"article\" \/>\n<meta property=\"og:title\" content=\"Er du klar til sommer i haven? - Retro\" \/>\n<meta property=\"og:description\" content=\"For\u00e5ret er her endelig og sommeren lige rundt om hj\u00f8rnet, og det er tid til at g\u00f8re din have klar til alle de dejlige stunder, der er i vente. Et af de mest brugte omr\u00e5der i haven er terrassen, omend den er lille eller stor, s\u00e5 er der her du kan sidde og nyde de ... L\u00e6s mere Er du klar til sommer i haven?\" \/>\n<meta property=\"og:url\" content=\"https:\/\/retro-app.dk\/blog\/er-du-klar-til-sommer-i-haven\/\" \/>\n<meta property=\"og:site_name\" content=\"Retro\" \/>\n<meta property=\"article:published_time\" content=\"2021-05-21T06:53:05+00:00\" \/>\n<meta property=\"article:modified_time\" content=\"2021-05-31T06:53:48+00:00\" \/>\n<meta property=\"og:image\" content=\"https:\/\/retro-app.dk\/blog\/wp-content\/uploads\/2021\/05\/fabian-mardi-rkt_4UGs54k-unsplash.jpg\" \/>\n\t<meta property=\"og:image:width\" content=\"1920\" \/>\n\t<meta property=\"og:image:height\" content=\"1280\" \/>\n\t<meta property=\"og:image:type\" content=\"image\/jpeg\" \/>\n<meta name=\"twitter:card\" content=\"summary_large_image\" \/>\n<meta name=\"twitter:label1\" content=\"Skrevet af\" \/>\n\t<meta name=\"twitter:data1\" content=\"Boris P\" \/>\n\t<meta name=\"twitter:label2\" content=\"Estimeret l\u00e6setid\" \/>\n\t<meta name=\"twitter:data2\" content=\"2 minutter\" \/>\n<script type=\"application\/ld+json\" class=\"yoast-schema-graph\">{\"@context\":\"https:\/\/schema.org\",\"@graph\":[{\"@type\":\"WebSite\",\"@id\":\"https:\/\/retro-app.dk\/blog\/#website\",\"url\":\"https:\/\/retro-app.dk\/blog\/\",\"name\":\"Retro\",\"description\":\"Endnu en WordPress-blog\",\"potentialAction\":[{\"@type\":\"SearchAction\",\"target\":{\"@type\":\"EntryPoint\",\"urlTemplate\":\"https:\/\/retro-app.dk\/blog\/?s={search_term_string}\"},\"query-input\":\"required name=search_term_string\"}],\"inLanguage\":\"da-DK\"},{\"@type\":\"ImageObject\",\"inLanguage\":\"da-DK\",\"@id\":\"https:\/\/retro-app.dk\/blog\/er-du-klar-til-sommer-i-haven\/#primaryimage\",\"url\":\"https:\/\/retro-app.dk\/blog\/wp-content\/uploads\/2021\/05\/fabian-mardi-rkt_4UGs54k-unsplash.jpg\",\"contentUrl\":\"https:\/\/retro-app.dk\/blog\/wp-content\/uploads\/2021\/05\/fabian-mardi-rkt_4UGs54k-unsplash.jpg\",\"width\":1920,\"height\":1280},{\"@type\":\"WebPage\",\"@id\":\"https:\/\/retro-app.dk\/blog\/er-du-klar-til-sommer-i-haven\/#webpage\",\"url\":\"https:\/\/retro-app.dk\/blog\/er-du-klar-til-sommer-i-haven\/\",\"name\":\"Er du klar til sommer i haven? - Retro\",\"isPartOf\":{\"@id\":\"https:\/\/retro-app.dk\/blog\/#website\"},\"primaryImageOfPage\":{\"@id\":\"https:\/\/retro-app.dk\/blog\/er-du-klar-til-sommer-i-haven\/#primaryimage\"},\"datePublished\":\"2021-05-21T06:53:05+00:00\",\"dateModified\":\"2021-05-31T06:53:48+00:00\",\"author\":{\"@id\":\"https:\/\/retro-app.dk\/blog\/#\/schema\/person\/1dc28e7a548074d4edc6880b5dbf855b\"},\"breadcrumb\":{\"@id\":\"https:\/\/retro-app.dk\/blog\/er-du-klar-til-sommer-i-haven\/#breadcrumb\"},\"inLanguage\":\"da-DK\",\"potentialAction\":[{\"@type\":\"ReadAction\",\"target\":[\"https:\/\/retro-app.dk\/blog\/er-du-klar-til-sommer-i-haven\/\"]}]},{\"@type\":\"BreadcrumbList\",\"@id\":\"https:\/\/retro-app.dk\/blog\/er-du-klar-til-sommer-i-haven\/#breadcrumb\",\"itemListElement\":[{\"@type\":\"ListItem\",\"position\":1,\"name\":\"Hjem\",\"item\":\"https:\/\/retro-app.dk\/blog\/\"},{\"@type\":\"ListItem\",\"position\":2,\"name\":\"Er du klar til sommer i haven?\"}]},{\"@type\":\"Person\",\"@id\":\"https:\/\/retro-app.dk\/blog\/#\/schema\/person\/1dc28e7a548074d4edc6880b5dbf855b\",\"name\":\"Boris P\",\"image\":{\"@type\":\"ImageObject\",\"inLanguage\":\"da-DK\",\"@id\":\"https:\/\/retro-app.dk\/blog\/#\/schema\/person\/image\/\",\"url\":\"https:\/\/secure.gravatar.com\/avatar\/0e100188a892971ec272db8ec1513a4e?s=96&d=mm&r=g\",\"contentUrl\":\"https:\/\/secure.gravatar.com\/avatar\/0e100188a892971ec272db8ec1513a4e?s=96&d=mm&r=g\",\"caption\":\"Boris P\"},\"url\":\"https:\/\/retro-app.dk\/blog\/author\/boris\/\"}]}<\/script>\n<!-- \/ Yoast SEO plugin. -->","yoast_head_json":{"title":"Er du klar til sommer i haven? - Retro","robots":{"index":"index","follow":"follow","max-snippet":"max-snippet:-1","max-image-preview":"max-image-preview:large","max-video-preview":"max-video-preview:-1"},"canonical":"https:\/\/retro-app.dk\/blog\/er-du-klar-til-sommer-i-haven\/","og_locale":"da_DK","og_type":"article","og_title":"Er du klar til sommer i haven? - Retro","og_description":"For\u00e5ret er her endelig og sommeren lige rundt om hj\u00f8rnet, og det er tid til at g\u00f8re din have klar til alle de dejlige stunder, der er i vente. Et af de mest brugte omr\u00e5der i haven er terrassen, omend den er lille eller stor, s\u00e5 er der her du kan sidde og nyde de ... L\u00e6s mere Er du klar til sommer i haven?","og_url":"https:\/\/retro-app.dk\/blog\/er-du-klar-til-sommer-i-haven\/","og_site_name":"Retro","article_published_time":"2021-05-21T06:53:05+00:00","article_modified_time":"2021-05-31T06:53:48+00:00","og_image":[{"width":1920,"height":1280,"url":"https:\/\/retro-app.dk\/blog\/wp-content\/uploads\/2021\/05\/fabian-mardi-rkt_4UGs54k-unsplash.jpg","type":"image\/jpeg"}],"twitter_card":"summary_large_image","twitter_misc":{"Skrevet af":"Boris P","Estimeret l\u00e6setid":"2 minutter"},"schema":{"@context":"https:\/\/schema.org","@graph":[{"@type":"WebSite","@id":"https:\/\/retro-app.dk\/blog\/#website","url":"https:\/\/retro-app.dk\/blog\/","name":"Retro","description":"Endnu en WordPress-blog","potentialAction":[{"@type":"SearchAction","target":{"@type":"EntryPoint","urlTemplate":"https:\/\/retro-app.dk\/blog\/?s={search_term_string}"},"query-input":"required name=search_term_string"}],"inLanguage":"da-DK"},{"@type":"ImageObject","inLanguage":"da-DK","@id":"https:\/\/retro-app.dk\/blog\/er-du-klar-til-sommer-i-haven\/#primaryimage","url":"https:\/\/retro-app.dk\/blog\/wp-content\/uploads\/2021\/05\/fabian-mardi-rkt_4UGs54k-unsplash.jpg","contentUrl":"https:\/\/retro-app.dk\/blog\/wp-content\/uploads\/2021\/05\/fabian-mardi-rkt_4UGs54k-unsplash.jpg","width":1920,"height":1280},{"@type":"WebPage","@id":"https:\/\/retro-app.dk\/blog\/er-du-klar-til-sommer-i-haven\/#webpage","url":"https:\/\/retro-app.dk\/blog\/er-du-klar-til-sommer-i-haven\/","name":"Er du klar til sommer i haven? - Retro","isPartOf":{"@id":"https:\/\/retro-app.dk\/blog\/#website"},"primaryImageOfPage":{"@id":"https:\/\/retro-app.dk\/blog\/er-du-klar-til-sommer-i-haven\/#primaryimage"},"datePublished":"2021-05-21T06:53:05+00:00","dateModified":"2021-05-31T06:53:48+00:00","author":{"@id":"https:\/\/retro-app.dk\/blog\/#\/schema\/person\/1dc28e7a548074d4edc6880b5dbf855b"},"breadcrumb":{"@id":"https:\/\/retro-app.dk\/blog\/er-du-klar-til-sommer-i-haven\/#breadcrumb"},"inLanguage":"da-DK","potentialAction":[{"@type":"ReadAction","target":["https:\/\/retro-app.dk\/blog\/er-du-klar-til-sommer-i-haven\/"]}]},{"@type":"BreadcrumbList","@id":"https:\/\/retro-app.dk\/blog\/er-du-klar-til-sommer-i-haven\/#breadcrumb","itemListElement":[{"@type":"ListItem","position":1,"name":"Hjem","item":"https:\/\/retro-app.dk\/blog\/"},{"@type":"ListItem","position":2,"name":"Er du klar til sommer i haven?"}]},{"@type":"Person","@id":"https:\/\/retro-app.dk\/blog\/#\/schema\/person\/1dc28e7a548074d4edc6880b5dbf855b","name":"Boris P","image":{"@type":"ImageObject","inLanguage":"da-DK","@id":"https:\/\/retro-app.dk\/blog\/#\/schema\/person\/image\/","url":"https:\/\/secure.gravatar.com\/avatar\/0e100188a892971ec272db8ec1513a4e?s=96&d=mm&r=g","contentUrl":"https:\/\/secure.gravatar.com\/avatar\/0e100188a892971ec272db8ec1513a4e?s=96&d=mm&r=g","caption":"Boris P"},"url":"https:\/\/retro-app.dk\/blog\/author\/boris\/"}]}},"_links":{"self":[{"href":"https:\/\/retro-app.dk\/blog\/wp-json\/wp\/v2\/posts\/297"}],"collection":[{"href":"https:\/\/retro-app.dk\/blog\/wp-json\/wp\/v2\/posts"}],"about":[{"href":"https:\/\/retro-app.dk\/blog\/wp-json\/wp\/v2\/types\/post"}],"author":[{"embeddable":true,"href":"https:\/\/retro-app.dk\/blog\/wp-json\/wp\/v2\/users\/5"}],"replies":[{"embeddable":true,"href":"https:\/\/retro-app.dk\/blog\/wp-json\/wp\/v2\/comments?post=297"}],"version-history":[{"count":1,"href":"https:\/\/retro-app.dk\/blog\/wp-json\/wp\/v2\/posts\/297\/revisions"}],"predecessor-version":[{"id":299,"href":"https:\/\/retro-app.dk\/blog\/wp-json\/wp\/v2\/posts\/297\/revisions\/299"}],"wp:featuredmedia":[{"embeddable":true,"href":"https:\/\/retro-app.dk\/blog\/wp-json\/wp\/v2\/media\/298"}],"wp:attachment":[{"href":"https:\/\/retro-app.dk\/blog\/wp-json\/wp\/v2\/media?parent=297"}],"wp:term":[{"taxonomy":"category","embeddable":true,"href":"https:\/\/retro-app.dk\/blog\/wp-json\/wp\/v2\/categories?post=297"},{"taxonomy":"post_tag","embeddable":true,"href":"https:\/\/retro-app.dk\/blog\/wp-json\/wp\/v2\/tags?post=297"}],"curies":[{"name":"wp","href":"https:\/\/api.w.org\/{rel}","templated":true}]}}